{"id":963,"date":"2022-08-21T23:44:00","date_gmt":"2022-08-21T21:44:00","guid":{"rendered":"http:\/\/ffw-dannewerk.de\/?p=963"},"modified":"2022-11-20T09:55:21","modified_gmt":"2022-11-20T08:55:21","slug":"einsatz-08-2022","status":"publish","type":"post","link":"http:\/\/ffw-dannewerk.de\/?p=963","title":{"rendered":"Einsatz 09\/2022"},"content":{"rendered":"\n<p>Einsatzstichwort: TH K , Unterst\u00fctzung Tragehilfe mit der Schleifkorbtrage.<br>Einsatzort: Hundiek, Dannewerk<br>Datum: 21.08.2022<br>Einsatzbeginn: 23:44 Uhr<br>Einsatzende: 00:10 Uhr<\/p>\n\n\n\n<p>Die Besatzung eines RTW beim Transport einer verletzten Person mit der Schleifkorbtrage aus dem Obergescho\u00df eines EFH unterst\u00fctzt.<\/p>\n\n\n\n<p>Einsatzst\u00e4rke: FF Dannewerk (1\/9)<\/p>\n\n\n\n<p>Mitalarmierte Kr\u00e4fte: RTW<\/p>\n","protected":false},"excerpt":{"rendered":"<p>Einsatzstichwort: TH K , Unterst\u00fctzung Tragehilfe mit der Schleifkorbtrage.Einsatzort: Hundiek, DannewerkDatum: 21.08.2022Einsatzbeginn: 23:44 UhrEinsatzende: 00:10 Uhr Die Besatzung eines RTW beim Transport einer verletzten Person mit der Schleifkorbtrage aus dem Obergescho\u00df eines EFH unterst\u00fctzt. Einsatzst\u00e4rke: FF Dannewerk (1\/9) Mitalarmierte Kr\u00e4fte: RTW<\/p>\n","protected":false},"author":2,"featured_media":0,"comment_status":"closed","ping_status":"open","sticky":false,"template":"","format":"standard","meta":{"footnotes":""},"categories":[27],"tags":[],"class_list":["post-963","post","type-post","status-publish","format-standard","hentry","category-einsaetze-2022"],"_links":{"self":[{"href":"http:\/\/ffw-dannewerk.de\/index.php?rest_route=\/wp\/v2\/posts\/963","targetHints":{"allow":["GET"]}}],"collection":[{"href":"http:\/\/ffw-dannewerk.de\/index.php?rest_route=\/wp\/v2\/posts"}],"about":[{"href":"http:\/\/ffw-dannewerk.de\/index.php?rest_route=\/wp\/v2\/types\/post"}],"author":[{"embeddable":true,"href":"http:\/\/ffw-dannewerk.de\/index.php?rest_route=\/wp\/v2\/users\/2"}],"replies":[{"embeddable":true,"href":"http:\/\/ffw-dannewerk.de\/index.php?rest_route=%2Fwp%2Fv2%2Fcomments&post=963"}],"version-history":[{"count":5,"href":"http:\/\/ffw-dannewerk.de\/index.php?rest_route=\/wp\/v2\/posts\/963\/revisions"}],"predecessor-version":[{"id":981,"href":"http:\/\/ffw-dannewerk.de\/index.php?rest_route=\/wp\/v2\/posts\/963\/revisions\/981"}],"wp:attachment":[{"href":"http:\/\/ffw-dannewerk.de\/index.php?rest_route=%2Fwp%2Fv2%2Fmedia&parent=963"}],"wp:term":[{"taxonomy":"category","embeddable":true,"href":"http:\/\/ffw-dannewerk.de\/index.php?rest_route=%2Fwp%2Fv2%2Fcategories&post=963"},{"taxonomy":"post_tag","embeddable":true,"href":"http:\/\/ffw-dannewerk.de\/index.php?rest_route=%2Fwp%2Fv2%2Ftags&post=963"}],"curies":[{"name":"wp","href":"https:\/\/api.w.org\/{rel}","templated":true}]}}